{"id":99018,"date":"2026-09-01T09:00:00","date_gmt":"2026-09-01T07:00:00","guid":{"rendered":"https:\/\/tfclima.com\/?p=99018"},"modified":"2026-06-12T13:34:49","modified_gmt":"2026-06-12T11:34:49","slug":"la-cadena-de-frio-en-tu-restaurante-o-comercio-temperaturas-registros-y-como-evitar-perdidas","status":"publish","type":"post","link":"https:\/\/tfclima.com\/es\/la-cadena-de-frio-en-tu-restaurante-o-comercio-temperaturas-registros-y-como-evitar-perdidas\/","title":{"rendered":"La cadena de fr\u00edo en tu restaurante o comercio: temperaturas, registros y c\u00f3mo evitar p\u00e9rdidas"},"content":{"rendered":"\n<p class=\"wp-block-paragraph\">Si tienes un restaurante, un bar, una carnicer\u00eda, una pescader\u00eda o un supermercado, tu instalaci\u00f3n de fr\u00edo no es un electrodom\u00e9stico m\u00e1s: es <strong>la garant\u00eda de que lo que sirves es seguro<\/strong>. Y tambi\u00e9n una de las principales fuentes de p\u00e9rdidas cuando falla. <\/p>\n\n<p class=\"wp-block-paragraph\">Una rotura de la cadena de fr\u00edo puede suponer tener que <strong>tirar todo el g\u00e9nero<\/strong> de una c\u00e1mara, una intoxicaci\u00f3n alimentaria con consecuencias graves para el negocio, o una inspecci\u00f3n sanitaria con mal resultado.<\/p>\n\n<p class=\"wp-block-paragraph\">En esta gu\u00eda repasamos qu\u00e9 es exactamente la cadena de fr\u00edo, <strong>qu\u00e9 temperaturas debes mantener<\/strong> seg\u00fan el producto, qu\u00e9 te exige el sistema de autocontrol sanitario (APPCC) y, sobre todo, <strong>c\u00f3mo asegurar que tus equipos no te dejen tirado<\/strong>.<\/p>\n\n<p class=\"wp-block-paragraph\">Enlaces \u00fatiles:<\/p>\n\n<ul class=\"wp-block-list\">\n<li><a href=\"https:\/\/tfclima.com\/es\/mantenimiento-de-frio-industrial\/\" data-type=\"page\">Mantenimiento de fr\u00edo industrial<\/a><\/li>\n\n\n\n<li><a href=\"https:\/\/tfclima.com\/es\/instalacion-frio-industrial\/\" data-type=\"page\">Instalaci\u00f3n de fr\u00edo industrial<\/a><\/li>\n\n\n\n<li><a href=\"https:\/\/tfclima.com\/es\/camara-frigorifica-conservacion-o-congelacion-diferencias-temperaturas-y-usos\/\" data-type=\"post\">C\u00e1mara frigor\u00edfica: \u00bfconservaci\u00f3n o congelaci\u00f3n?<\/a><\/li>\n\n\n\n<li><a href=\"https:\/\/tfclima.com\/es\/guia-como-calcular-la-potencia-frigorifica-de-una-camara-frigorifica\/\" data-type=\"post\">C\u00f3mo calcular la potencia frigor\u00edfica de una c\u00e1mara<\/a><\/li>\n\n\n\n<li><a href=\"https:\/\/tfclima.com\/es\/contacto\/\" data-type=\"page\">Contacto<\/a><\/li>\n\n\n\n<li><a href=\"https:\/\/tfclima.com\/es\/solicita-un-presupuesto\/\" data-type=\"page\">Solicita un presupuesto<\/a><\/li>\n<\/ul>\n\n<hr class=\"wp-block-separator has-alpha-channel-opacity\"\/>\n\n<h3 class=\"wp-block-heading\">\u00cdndice<\/h3>\n\n<ul class=\"wp-block-list\">\n<li><a href=\"#que-es\">Qu\u00e9 es la cadena de fr\u00edo y por qu\u00e9 se rompe<\/a><\/li>\n\n\n\n<li><a href=\"#temperatures\">Temperaturas de referencia por tipo de producto<\/a><\/li>\n\n\n\n<li><a href=\"#registres\">Registros y autocontrol: qu\u00e9 te pedir\u00e1 una inspecci\u00f3n<\/a><\/li>\n\n\n\n<li><a href=\"#riscos\">Qu\u00e9 pasa si la cadena de fr\u00edo se rompe<\/a><\/li>\n\n\n\n<li><a href=\"#com-garantir\">C\u00f3mo garantizarla: equipos, mantenimiento y alarmas<\/a><\/li>\n\n\n\n<li><a href=\"#pla-accio\">Plan de acci\u00f3n si te falla un equipo<\/a><\/li>\n\n\n\n<li><a href=\"#faq\">Preguntas frecuentes<\/a><\/li>\n<\/ul>\n\n<hr class=\"wp-block-separator has-alpha-channel-opacity\"\/>\n\n<h2 id=\"que-es\" class=\"wp-block-heading\">Qu\u00e9 es la cadena de fr\u00edo y por qu\u00e9 se rompe<\/h2>\n\n<p class=\"wp-block-paragraph\">La cadena de fr\u00edo es el mantenimiento <strong>ininterrumpido<\/strong> de la temperatura de conservaci\u00f3n de un alimento desde que se produce hasta que llega al consumidor: transporte, recepci\u00f3n, almacenamiento, exposici\u00f3n y servicio.<\/p>\n\n<p class=\"wp-block-paragraph\">El concepto clave es <em>ininterrumpido<\/em>: no basta con que la c\u00e1mara est\u00e9 fr\u00eda \u00abla mayor parte del tiempo\u00bb. Cada rato que un producto pasa por encima de su temperatura de seguridad, los microorganismos se multiplican, <strong>y volver a enfriarlo no hace retroceder<\/strong> el crecimiento bacteriano que ya se ha producido. <\/p>\n\n<p class=\"wp-block-paragraph\">En la pr\u00e1ctica, los puntos donde m\u00e1s a menudo se rompe la cadena de fr\u00edo en un negocio son:<\/p>\n\n<ul class=\"wp-block-list\">\n<li><strong>Recepci\u00f3n de mercanc\u00eda<\/strong> que llega a temperatura incorrecta y se acepta sin comprobarla.<\/li>\n\n\n\n<li><strong>Equipos que pierden rendimiento<\/strong> de manera gradual (condensadores sucios, falta de gas, juntas de puerta degradadas) sin que nadie se d\u00e9 cuenta.<\/li>\n\n\n\n<li><strong>Puertas abiertas demasiado tiempo<\/strong> o c\u00e1maras sobrecargadas por encima de su capacidad de dise\u00f1o.<\/li>\n\n\n\n<li><strong>Aver\u00edas en fin de semana o de noche<\/strong>, que nadie detecta hasta el d\u00eda siguiente.<\/li>\n<\/ul>\n\n<hr class=\"wp-block-separator has-alpha-channel-opacity\"\/>\n\n<h2 id=\"temperatures\" class=\"wp-block-heading\">Temperaturas de referencia por tipo de producto<\/h2>\n\n<p class=\"wp-block-paragraph\">Valores orientativos habituales de conservaci\u00f3n. La referencia v\u00e1lida para cada producto es siempre la que indica el fabricante en la etiqueta y la normativa sanitaria aplicable a tu actividad: <\/p>\n\n<figure class=\"wp-block-table\"><table class=\"has-fixed-layout\"><thead><tr><th>Producto<\/th><th>Temperatura orientativa<\/th><\/tr><\/thead><tbody><tr><td>Pescado y marisco fresco<\/td><td>0 a 2 \u00b0C (pr\u00f3ximo a la fusi\u00f3n del hielo)<\/td><\/tr><tr><td>Carne fresca<\/td><td>0 a 7 \u00b0C seg\u00fan tipo (ave y carne picada, m\u00e1s exigentes)<\/td><\/tr><tr><td>Productos l\u00e1cteos y huevos<\/td><td>1 a 8 \u00b0C seg\u00fan producto<\/td><\/tr><tr><td>Platos cocinados refrigerados<\/td><td>\u2264 4 \u00b0C (consumo en m\u00e1s de 24 h)<\/td><\/tr><tr><td>Fruta y verdura<\/td><td>4 a 10 \u00b0C seg\u00fan variedad<\/td><\/tr><tr><td>Congelados<\/td><td>\u221218 \u00b0C o inferior<\/td><\/tr><\/tbody><\/table><\/figure>\n\n<p class=\"wp-block-paragraph\">Si tienes dudas sobre si necesitas una c\u00e1mara de conservaci\u00f3n o una de congelaci\u00f3n para tu actividad, lo explicamos a fondo en <a href=\"https:\/\/tfclima.com\/es\/camara-frigorifica-conservacion-o-congelacion-diferencias-temperaturas-y-usos\/\" data-type=\"post\">este art\u00edculo<\/a>.<\/p>\n\n<hr class=\"wp-block-separator has-alpha-channel-opacity\"\/>\n\n<h2 id=\"registres\" class=\"wp-block-heading\">Registros y autocontrol: qu\u00e9 te pedir\u00e1 una inspecci\u00f3n<\/h2>\n\n<p class=\"wp-block-paragraph\">Todos los establecimientos alimentarios deben trabajar con un sistema de autocontrol basado en el <strong>APPCC<\/strong> (An\u00e1lisis de Peligros y Puntos de Control Cr\u00edtico). El control de temperaturas es, casi siempre, uno de los puntos cr\u00edticos centrales. En la pr\u00e1ctica, esto se traduce en:  <\/p>\n\n<ul class=\"wp-block-list\">\n<li><strong>Term\u00f3metros fiables<\/strong> en cada equipo de fr\u00edo (c\u00e1maras, armarios, vitrinas), legibles sin abrir la puerta.<\/li>\n\n\n\n<li><strong>Registro peri\u00f3dico de temperaturas<\/strong>: anotar las lecturas con la frecuencia que establezca tu plan de autocontrol (habitualmente, como m\u00ednimo diaria), en papel o digital.<\/li>\n\n\n\n<li><strong>Control en recepci\u00f3n de mercanc\u00eda<\/strong>: comprobar y registrar la temperatura del g\u00e9nero refrigerado y congelado cuando llega.<\/li>\n\n\n\n<li><strong>Acciones correctoras documentadas<\/strong>: si una lectura sale fuera de rango, qu\u00e9 se ha hecho (revisar el equipo, trasladar producto, rechazar g\u00e9nero) y qui\u00e9n lo ha hecho.<\/li>\n\n\n\n<li><strong>Mantenimiento documentado de los equipos<\/strong>: poder acreditar que las instalaciones de fr\u00edo se revisan peri\u00f3dicamente por una empresa habilitada.<\/li>\n<\/ul>\n\n<p class=\"wp-block-paragraph\">Este \u00faltimo punto a menudo se subestima: ante una inspecci\u00f3n o una incidencia, <strong>los informes de mantenimiento del fr\u00edo son parte de tu defensa documental<\/strong>.<\/p>\n\n<hr class=\"wp-block-separator has-alpha-channel-opacity\"\/>\n\n<h2 id=\"riscos\" class=\"wp-block-heading\">Qu\u00e9 pasa si la cadena de fr\u00edo se rompe<\/h2>\n\n<p class=\"wp-block-paragraph\">Las consecuencias de una rotura de la cadena de fr\u00edo van mucho m\u00e1s all\u00e1 del incidente puntual:<\/p>\n\n<ul class=\"wp-block-list\">\n<li><strong>P\u00e9rdida directa de g\u00e9nero:<\/strong> una c\u00e1mara llena que ha pasado horas fuera de temperatura puede suponer tirar cientos o miles de euros de producto. A menudo es la p\u00e9rdida inmediata m\u00e1s grande, superior al coste de la reparaci\u00f3n. <\/li>\n\n\n\n<li><strong>Riesgo sanitario:<\/strong> servir producto que ha roto la cadena de fr\u00edo puede provocar toxiinfecciones alimentarias, con la responsabilidad que esto conlleva para el establecimiento.<\/li>\n\n\n\n<li><strong>Sanciones administrativas:<\/strong> la normativa de seguridad alimentaria prev\u00e9 sanciones por deficiencias en el control de temperaturas y en el autocontrol, que pueden ir acompa\u00f1adas de medidas como la inmovilizaci\u00f3n o destrucci\u00f3n de producto.<\/li>\n\n\n\n<li><strong>Da\u00f1o reputacional:<\/strong> en la era de las rese\u00f1as, una intoxicaci\u00f3n o un cierre cautelar hacen m\u00e1s da\u00f1o que cualquier multa.<\/li>\n<\/ul>\n\n<hr class=\"wp-block-separator has-alpha-channel-opacity\"\/>\n\n<h2 id=\"com-garantir\" class=\"wp-block-heading\">C\u00f3mo garantizarla: equipos, mantenimiento y alarmas<\/h2>\n\n<h3 class=\"wp-block-heading\">1. Equipos bien dimensionados<\/h3>\n\n<p class=\"wp-block-paragraph\">Una c\u00e1mara que trabaja permanentemente al l\u00edmite no tiene margen para absorber un d\u00eda de mucha carga o una ola de calor. El dimensionamiento correcto (potencia frigor\u00edfica, aislamiento, renovaciones de puerta) es la primera l\u00ednea de defensa. Hablamos de ello en la <a href=\"https:\/\/tfclima.com\/es\/guia-como-calcular-la-potencia-frigorifica-de-una-camara-frigorifica\/\" data-type=\"post\">gu\u00eda de c\u00e1lculo de potencia frigor\u00edfica<\/a>.  <\/p>\n\n<h3 class=\"wp-block-heading\">2. Mantenimiento preventivo programado<\/h3>\n\n<p class=\"wp-block-paragraph\">La inmensa mayor\u00eda de aver\u00edas graves de fr\u00edo industrial <strong>avisan antes<\/strong>: un condensador sucio, una junta de puerta degradada, un desescarche que no acaba de funcionar, consumos que suben. Un plan de mantenimiento preventivo detecta estas se\u00f1ales y las corrige antes de que se conviertan en una parada con la c\u00e1mara llena. Adem\u00e1s, <strong>reduce el consumo el\u00e9ctrico<\/strong>, que en equipos de fr\u00edo funcionando 24 horas es una partida importante.  <\/p>\n\n<h3 class=\"wp-block-heading\">3. Alarmas y registro continuo de temperatura<\/h3>\n\n<p class=\"wp-block-paragraph\">Los sistemas de monitorizaci\u00f3n actuales registran la temperatura de manera continua y <strong>te avisan al m\u00f3vil<\/strong> si una c\u00e1mara sale de rango, sea lunes por la ma\u00f1ana o s\u00e1bado a las 3 de la madrugada. Para un negocio que cierra de noche o el fin de semana, es la diferencia entre reaccionar en una hora o descubrir el desastre al d\u00eda siguiente. Y de paso, generan el registro de temperaturas del autocontrol autom\u00e1ticamente.  <\/p>\n\n<h3 class=\"wp-block-heading\">4. Buenas pr\u00e1cticas del equipo humano<\/h3>\n\n<ul class=\"wp-block-list\">\n<li>Puertas abiertas el m\u00ednimo tiempo imprescindible; cortinas de lamas en c\u00e1maras de mucho tr\u00e1nsito.<\/li>\n\n\n\n<li>No sobrecargar las c\u00e1maras ni bloquear la circulaci\u00f3n de aire de los evaporadores.<\/li>\n\n\n\n<li>No introducir producto caliente directamente en la c\u00e1mara.<\/li>\n\n\n\n<li>Comprobar temperaturas en recepci\u00f3n y rechazar g\u00e9nero fuera de rango.<\/li>\n<\/ul>\n\n<hr class=\"wp-block-separator has-alpha-channel-opacity\"\/>\n\n<h2 id=\"pla-accio\" class=\"wp-block-heading\">Plan de acci\u00f3n si te falla un equipo<\/h2>\n\n<ol class=\"wp-block-list\">\n<li><strong>No abras la puerta.<\/strong> Una c\u00e1mara cerrada y llena mantiene el fr\u00edo durante horas; cada apertura lo acorta.<\/li>\n\n\n\n<li><strong>Anota la hora<\/strong> en que has detectado la incidencia y la temperatura actual: lo necesitar\u00e1s para decidir qu\u00e9 hacer con el producto y para el registro de autocontrol.<\/li>\n\n\n\n<li><strong>Llama al servicio t\u00e9cnico<\/strong> y describe los s\u00edntomas (no enfr\u00eda, salta el diferencial, hace hielo en el evaporador&#8230;): ayuda a venir con el recambio adecuado.<\/li>\n\n\n\n<li><strong>Si la reparaci\u00f3n se alarga, traslada<\/strong> el producto m\u00e1s sensible a otros equipos con capacidad disponible, priorizando pescado, carne picada, aves y platos cocinados.<\/li>\n\n\n\n<li><strong>Ante la duda, rechaza.<\/strong> Ning\u00fan ahorro de g\u00e9nero compensa el riesgo de una toxiinfecci\u00f3n.<\/li>\n<\/ol>\n\n<hr class=\"wp-block-separator has-alpha-channel-opacity\"\/>\n\n<h2 id=\"faq\" class=\"wp-block-heading\">Preguntas frecuentes<\/h2>\n\n<h3 class=\"wp-block-heading\">\u00bfCada cu\u00e1nto debo hacer revisar las c\u00e1maras frigor\u00edficas?<\/h3>\n\n<p class=\"wp-block-paragraph\">Para equipos que trabajan 24 horas con producto alimentario, recomendamos revisiones <strong>como m\u00ednimo semestrales<\/strong>, y trimestrales en instalaciones cr\u00edticas o con mucha carga de trabajo. Aparte, la normativa de instalaciones frigor\u00edficas y de gases fluorados establece controles peri\u00f3dicos obligatorios seg\u00fan el tipo de equipo y la carga de refrigerante: en tu plan de mantenimiento te lo dejamos todo programado. <\/p>\n\n<h3 class=\"wp-block-heading\">\u00bfMe compensa un contrato de mantenimiento?<\/h3>\n\n<p class=\"wp-block-paragraph\">Si tu negocio depende del fr\u00edo, casi siempre. El coste anual de un contrato suele ser inferior al valor del g\u00e9nero de <strong>una sola c\u00e1mara llena<\/strong>, y adem\u00e1s reduce el consumo el\u00e9ctrico y alarga la vida de los equipos. <\/p>\n\n<h3 class=\"wp-block-heading\">\u00bfPuedo volver a congelar un producto que se ha descongelado?<\/h3>\n\n<p class=\"wp-block-paragraph\">Como norma general, <strong>no<\/strong>. La recongelaci\u00f3n no elimina los microorganismos que han crecido mientras el producto estaba descongelado y, adem\u00e1s, degrada la calidad. La excepci\u00f3n es cocinarlo completamente y, entonces s\u00ed, congelar el plato cocinado.  <\/p>\n\n<hr class=\"wp-block-separator has-alpha-channel-opacity\"\/>\n\n<h2 class=\"wp-block-heading\">El fr\u00edo de tu negocio, en manos expertas<\/h2>\n\n<p class=\"wp-block-paragraph\">En Tecni Fred i Clima instalamos, mantenemos y reparamos c\u00e1maras frigor\u00edficas y equipos de fr\u00edo industrial para restaurantes, comercios e industria alimentaria de todo el Maresme. Te ayudamos a garantizar la cadena de fr\u00edo con planes de mantenimiento a medida y respuesta r\u00e1pida ante aver\u00edas. Consulta nuestros servicios:  <\/p>\n\n<ul class=\"wp-block-list\">\n<li><a href=\"https:\/\/tfclima.com\/es\/mantenimiento-de-frio-industrial\/\" data-type=\"page\">Mantenimiento de fr\u00edo industrial<\/a><\/li>\n\n\n\n<li><a href=\"https:\/\/tfclima.com\/es\/instalacion-frio-industrial\/\" data-type=\"page\">Instalaci\u00f3n de fr\u00edo industrial<\/a><\/li>\n\n\n\n<li><a href=\"https:\/\/tfclima.com\/es\/refrigeracion\/\" data-type=\"page\">Refrigeraci\u00f3n y congelaci\u00f3n<\/a><\/li>\n<\/ul>\n\n<p class=\"wp-block-paragraph\">O ponte en contacto con nosotros desde los siguientes enlaces:<\/p>\n\n<ul class=\"wp-block-list\">\n<li><a href=\"https:\/\/tfclima.com\/es\/contacto\/\" data-type=\"page\">Contacto<\/a><\/li>\n\n\n\n<li><a href=\"https:\/\/tfclima.com\/es\/solicita-un-presupuesto\/\" data-type=\"page\">Solicitar un presupuesto<\/a><\/li>\n<\/ul>\n","protected":false},"excerpt":{"rendered":"<p>Si tienes un restaurante, un bar, una carnicer\u00eda, una pescader\u00eda o un supermercado, tu instalaci\u00f3n de fr\u00edo no es un electrodom\u00e9stico m\u00e1s: es la garant\u00eda de que lo que sirves es seguro. Y tambi\u00e9n una de las principales fuentes de p\u00e9rdidas cuando falla. Una rotura de la cadena de fr\u00edo puede suponer tener que tirar [&hellip;]<\/p>\n","protected":false},"author":6,"featured_media":0,"comment_status":"closed","ping_status":"closed","sticky":false,"template":"","format":"standard","meta":{"footnotes":""},"categories":[27],"tags":[],"class_list":["post-99018","post","type-post","status-publish","format-standard","hentry","category-blog-es"],"_links":{"self":[{"href":"https:\/\/tfclima.com\/es\/wp-json\/wp\/v2\/posts\/99018","targetHints":{"allow":["GET"]}}],"collection":[{"href":"https:\/\/tfclima.com\/es\/wp-json\/wp\/v2\/posts"}],"about":[{"href":"https:\/\/tfclima.com\/es\/wp-json\/wp\/v2\/types\/post"}],"author":[{"embeddable":true,"href":"https:\/\/tfclima.com\/es\/wp-json\/wp\/v2\/users\/6"}],"replies":[{"embeddable":true,"href":"https:\/\/tfclima.com\/es\/wp-json\/wp\/v2\/comments?post=99018"}],"version-history":[{"count":1,"href":"https:\/\/tfclima.com\/es\/wp-json\/wp\/v2\/posts\/99018\/revisions"}],"predecessor-version":[{"id":99019,"href":"https:\/\/tfclima.com\/es\/wp-json\/wp\/v2\/posts\/99018\/revisions\/99019"}],"wp:attachment":[{"href":"https:\/\/tfclima.com\/es\/wp-json\/wp\/v2\/media?parent=99018"}],"wp:term":[{"taxonomy":"category","embeddable":true,"href":"https:\/\/tfclima.com\/es\/wp-json\/wp\/v2\/categories?post=99018"},{"taxonomy":"post_tag","embeddable":true,"href":"https:\/\/tfclima.com\/es\/wp-json\/wp\/v2\/tags?post=99018"}],"curies":[{"name":"wp","href":"https:\/\/api.w.org\/{rel}","templated":true}]}}